{"id":8994,"date":"2023-03-10T19:00:02","date_gmt":"2023-03-10T18:00:02","guid":{"rendered":"https:\/\/www.cool-and-safe.org\/facebook-414\/"},"modified":"2023-03-10T19:00:02","modified_gmt":"2023-03-10T18:00:02","slug":"facebook-414","status":"publish","type":"post","link":"https:\/\/www.cool-and-safe.org\/fr\/facebook-414\/","title":{"rendered":"Facebook"},"content":{"rendered":"<p>\ud83c\udfac FILM | invitation \u00e0 la projection \u2728<\/p>\n<p>Le film [\ud835\udde5]\ud835\uddf2\u0301\ud835\ude03\ud835\uddfc\ud835\uddf9\ud835\ude02\ud835\ude01\ud835\uddf6\ud835\uddfc\ud835\uddfb \ud835\udde6\ud835\uddf6\ud835\uddf1\ud835\uddee sera projet\u00e9 dans le cadre du Festival Imag\u00e9sant\u00e9 ce 28 mars, au Grignoux \u00e0 Li\u00e8ge !<\/p>\n<p>\u00ab\u00a0Qu&rsquo;\u00e9voque le Sida aujourd&rsquo;hui \ud83e\udd14\u2753<br \/>\nFr\u00e9d\u00e9ric Chaudier, le r\u00e9alisateur de \u00ab (R)\u00e9volution SIDA \u00bb pose un regard sans concession sur ce que cette maladie a provoqu\u00e9 et inflige encore, de l\u2019Afrique du Sud \u00e0 la Chine, de la Russie \u00e0 la Tha\u00eflande. <\/p>\n<p>Artistes\ud83d\udc69\ud83c\udffc\u200d\ud83c\udfa8, politiciens, chercheurs de t\u00e9moins\ud83e\uddd0 dressent un constat gla\u00e7ant des dysfonctionnements politiques et sociaux quant \u00e0 la gestion de cette pand\u00e9mie : injustices quant \u00e0 l\u2019acc\u00e8s aux soins, discriminations, absence de r\u00e9elle volont\u00e9 politique, tous \u00e9l\u00e9ments qui participent \u00e0 sa propagation.\u00a0\u00bb<\/p>\n<p>La projection sera suivie d\u2019une rencontre avec le r\u00e9alisateur Fr\u00e9d\u00e9ric Chaudier, r\u00e9alisateur, Thierry Martin de la Plateforme Pr\u00e9vention Sida, Simon Englebert du Centre S et Gilles Darcis, infectiologue au CHU de Li\u00e8ge.<br \/>\nLe th\u00e8me du d\u00e9bat : \u00ab Malgr\u00e9 les avanc\u00e9es scientifiques, le Sida est toujours bien pr\u00e9sent. Parlons-en pour lever les tabous. \u00bb <\/p>\n<p>\ud83c\udf7f\u00c7a t&rsquo;int\u00e9resse ?<br \/>\nOn peut te mettre sur notre \u00ab\u00a0guest list\u00a0\u00bb et t&rsquo;offrir une place pour assister \u00e0 la projection ( \u26a0\ufe0f fais vite, le nombre de places qu&rsquo;on a \u00e0 offrir est limit\u00e9 !).<br \/>\nLes demandes se font en MP ! <\/p>\n<p> <a href=\"https:\/\/www.facebook.com\/hashtag\/preventionsida\" target=\"_blank\" rel=\"noopener\">#preventionsida<\/a><\/p>\n","protected":false},"excerpt":{"rendered":"<p>\ud83c\udfac FILM | invitation \u00e0 la projection \u2728 Le film [\ud835\udde5]\ud835\uddf2\u0301\ud835\ude03\ud835\uddfc\ud835\uddf9\ud835\ude02\ud835\ude01\ud835\uddf6\ud835\uddfc\ud835\uddfb \ud835\udde6\ud835\uddf6\ud835\uddf1\ud835\uddee sera projet\u00e9 dans le cadre du Festival Imag\u00e9sant\u00e9 [&hellip;]<\/p>\n","protected":false},"author":1,"featured_media":0,"comment_status":"closed","ping_status":"closed","sticky":false,"template":"","format":"standard","meta":{"_acf_changed":false,"footnotes":""},"categories":[13],"tags":[],"class_list":["post-8994","post","type-post","status-publish","format-standard","hentry","category-facebook"],"acf":[],"_links":{"self":[{"href":"https:\/\/www.cool-and-safe.org\/fr\/wp-json\/wp\/v2\/posts\/8994","targetHints":{"allow":["GET"]}}],"collection":[{"href":"https:\/\/www.cool-and-safe.org\/fr\/wp-json\/wp\/v2\/posts"}],"about":[{"href":"https:\/\/www.cool-and-safe.org\/fr\/wp-json\/wp\/v2\/types\/post"}],"author":[{"embeddable":true,"href":"https:\/\/www.cool-and-safe.org\/fr\/wp-json\/wp\/v2\/users\/1"}],"replies":[{"embeddable":true,"href":"https:\/\/www.cool-and-safe.org\/fr\/wp-json\/wp\/v2\/comments?post=8994"}],"version-history":[{"count":0,"href":"https:\/\/www.cool-and-safe.org\/fr\/wp-json\/wp\/v2\/posts\/8994\/revisions"}],"wp:attachment":[{"href":"https:\/\/www.cool-and-safe.org\/fr\/wp-json\/wp\/v2\/media?parent=8994"}],"wp:term":[{"taxonomy":"category","embeddable":true,"href":"https:\/\/www.cool-and-safe.org\/fr\/wp-json\/wp\/v2\/categories?post=8994"},{"taxonomy":"post_tag","embeddable":true,"href":"https:\/\/www.cool-and-safe.org\/fr\/wp-json\/wp\/v2\/tags?post=8994"}],"curies":[{"name":"wp","href":"https:\/\/api.w.org\/{rel}","templated":true}]}}