{"id":8993,"date":"2023-03-10T14:58:48","date_gmt":"2023-03-10T13:58:48","guid":{"rendered":"https:\/\/www.cool-and-safe.org\/facebook-413\/"},"modified":"2023-03-10T14:58:48","modified_gmt":"2023-03-10T13:58:48","slug":"facebook-413","status":"publish","type":"post","link":"https:\/\/www.cool-and-safe.org\/fr\/facebook-413\/","title":{"rendered":"Facebook"},"content":{"rendered":"<p>\ud83d\udea8 PROCHAINES DATES DE FORMATION \ud83e\uddd1\ud83c\udffd\u200d\ud83c\udfeb<\/p>\n<p>La Plateforme Pr\u00e9vention Sida propose des cycles de formation en ligne sur la pr\u00e9vention combin\u00e9e du VIH, les Infections Sexuellement Transmissibles (IST), les techniques d\u2019animation pour les publics sp\u00e9cifiques, l\u2019accompagnement des public-cl\u00e9s, la migration et la sant\u00e9 sexuelle.<\/p>\n<p>\ud835\udde3\ud835\uddfc\ud835\ude02\ud835\uddff \ud835\uddfe\ud835\ude02\ud835\uddf6 ? Les professionnel.les qui travaillent les questions de la promotion de la sant\u00e9 <\/p>\n<p>\ud835\uddd6\ud835\uddfc\ud835\uddfa\ud835\uddfa\ud835\uddf2\ud835\uddfb\ud835\ude01 ? Via Zoom (pour les formations en visioconf\u00e9rence) ou sur place \u00e0 la Plateforme Pr\u00e9vention Sida. <\/p>\n<p>\ud835\udde3\ud835\uddfc\ud835\ude02\ud835\uddff\ud835\uddfe\ud835\ude02\ud835\uddfc\ud835\uddf6 ?Augmenter les connaissances des participant.es par rapport au VIH et aux IST mais aussi renforcer leurs capacit\u00e9s et comp\u00e9tences afin de pouvoir aborder ces th\u00e9matiques avec leurs publics particuliers dans leurs domaines d\u2019activit\u00e9.<br \/>\nEnvie de mettre \u00e0 jour vos connaissances sur les IST, le VIH et\/ou les techniques d\u2019animation et d\u2019accompagnement ? Ces formations sont faites pour vous \ud83d\udcab !<\/p>\n<p>\ud83d\uddd3 \ud835\udde3\ud835\uddff\ud835\uddfc\ud835\uddf0\ud835\uddf5\ud835\uddee\ud835\uddf6\ud835\uddfb\ud835\uddf2\ud835\ude00 \ud835\uddf1\ud835\uddee\ud835\ude01\ud835\uddf2\ud835\ude00 \ud835\uddf1\ud835\uddf2 \ud835\uddf3\ud835\uddfc\ud835\uddff\ud835\uddfa\ud835\uddee\ud835\ude01\ud835\uddf6\ud835\uddfc\ud835\uddfb :<\/p>\n<p>\ud83d\udd35 Mardi 28 mars 2023 \u2013 EN ZOOM<br \/>\n10h -12h : La pr\u00e9vention combin\u00e9e du VIH<\/p>\n<p>\ud83d\udd35 Mardi 4 avril 2023 \u2013 EN ZOOM<br \/>\n10h \u2013 12h : Les Infections Sexuellement Transmissibles<\/p>\n<p>\ud83d\udd35 Jeudi 8 juin 2023 \u2013 EN ZOOM<br \/>\n10h \u2013 12h : Discriminations, s\u00e9ropositivit\u00e9, vuln\u00e9rabilit\u00e9s<\/p>\n<p>\ud83d\uddd3 Prochaines dates des animations sur place, \u00e0 la Plateforme Pr\u00e9vention Sida :<\/p>\n<p>\ud83d\udd34 Jeudi 23 mars 2023<br \/>\n9h30-12h : Migration, sant\u00e9 sexuelle et VIH<\/p>\n<p>\ud83d\udd34 Vendredi 26 mai 2023<br \/>\n9h30 \u2013 12h : Hommes d\u2019origines \u00e9trang\u00e8res ayant des relations sexuelles avec d\u2019autres hommes et sant\u00e9 sexuelle <\/p>\n<p>\ud83d\udd34 Jeudi 20 avril 2023<br \/>\n10h \u2013 15h30 : La pr\u00e9vention des IST et du VIH via les animations de terrain<\/p>\n<p>Pour en savoir plus, rendez-vous sur le site :<\/p>\n","protected":false},"excerpt":{"rendered":"<p>\ud83d\udea8 PROCHAINES DATES DE FORMATION \ud83e\uddd1\ud83c\udffd\u200d\ud83c\udfeb La Plateforme Pr\u00e9vention Sida propose des cycles de formation en ligne sur la pr\u00e9vention [&hellip;]<\/p>\n","protected":false},"author":1,"featured_media":0,"comment_status":"closed","ping_status":"closed","sticky":false,"template":"","format":"standard","meta":{"_acf_changed":false,"footnotes":""},"categories":[13],"tags":[],"class_list":["post-8993","post","type-post","status-publish","format-standard","hentry","category-facebook"],"acf":[],"_links":{"self":[{"href":"https:\/\/www.cool-and-safe.org\/fr\/wp-json\/wp\/v2\/posts\/8993","targetHints":{"allow":["GET"]}}],"collection":[{"href":"https:\/\/www.cool-and-safe.org\/fr\/wp-json\/wp\/v2\/posts"}],"about":[{"href":"https:\/\/www.cool-and-safe.org\/fr\/wp-json\/wp\/v2\/types\/post"}],"author":[{"embeddable":true,"href":"https:\/\/www.cool-and-safe.org\/fr\/wp-json\/wp\/v2\/users\/1"}],"replies":[{"embeddable":true,"href":"https:\/\/www.cool-and-safe.org\/fr\/wp-json\/wp\/v2\/comments?post=8993"}],"version-history":[{"count":0,"href":"https:\/\/www.cool-and-safe.org\/fr\/wp-json\/wp\/v2\/posts\/8993\/revisions"}],"wp:attachment":[{"href":"https:\/\/www.cool-and-safe.org\/fr\/wp-json\/wp\/v2\/media?parent=8993"}],"wp:term":[{"taxonomy":"category","embeddable":true,"href":"https:\/\/www.cool-and-safe.org\/fr\/wp-json\/wp\/v2\/categories?post=8993"},{"taxonomy":"post_tag","embeddable":true,"href":"https:\/\/www.cool-and-safe.org\/fr\/wp-json\/wp\/v2\/tags?post=8993"}],"curies":[{"name":"wp","href":"https:\/\/api.w.org\/{rel}","templated":true}]}}