{"id":8880,"date":"2022-11-25T12:24:09","date_gmt":"2022-11-25T11:24:09","guid":{"rendered":"https:\/\/www.cool-and-safe.org\/facebook-371\/"},"modified":"2022-11-25T12:24:09","modified_gmt":"2022-11-25T11:24:09","slug":"facebook-371","status":"publish","type":"post","link":"https:\/\/www.cool-and-safe.org\/fr\/facebook-371\/","title":{"rendered":"Facebook"},"content":{"rendered":"<p>\ud83d\udfe3 \ud83d\udd90\ud83c\udffd Aujourd&rsquo;hui, c&rsquo;est la Journ\u00e9e Mondiale de Lutte contre les violences faites aux femmes. Avec le projet FABSS (Femmes Actrices de leur Bien-\u00eatre et de leur Sant\u00e9 Sexuelle), la Plateforme Pr\u00e9vention Sida et ses partenaires, Culture et Sant\u00e9, Free Clinic, Entr\u2019Aide des Marolles, Gams, Siempre, Woman Now, GFAIA, APLDD, Croix rouge (centre Jette), Muso Yiriwaton, Collectif des femmes sans papier, Mandela, M\u00e9decin du Monde et RAQ, soutiennent la lutte contre ces violences et souhaitent am\u00e9liorer la sant\u00e9 sexuelle des femmes issues de la migration en Belgique. <\/p>\n<p>\ud83d\uddd3 Le 8 d\u00e9cembre de 16h \u00e0 18h30, nous vous invitons \u00e0 la pr\u00e9sentation des r\u00e9sultats du projet FABSS. <\/p>\n<p>Au Programme<br \/>\n\ud83d\udccd16h Intervention de Mme Lydia Mutyebele , \u00c9chevine du Logement, du Patrimoine public et de l\u2019Egalit\u00e9 des chances de la ville de Bruxelles <\/p>\n<p>\ud83d\udccd16h15 Pr\u00e9sentation du projet FABBS (par les femmes participantes)<\/p>\n<p>\ud83d\udccd16h30 Pr\u00e9sentation de r\u00e9sultats de diagnostic sur la sant\u00e9 sexuelle des femmes issues de la migration (Siempre\/Gams\/M\u00e9decin du Monde)<\/p>\n<p>\ud83d\udccd17h00 Pr\u00e9sentation des recommandations FABSS (par les femmes participantes)<\/p>\n<p>\ud83d\udccd17h30 Questions\/r\u00e9ponses<\/p>\n<p>\ud83d\udccd17h45 \u2013 18h30 Echanges autour d\u2019un verre (et d\u2019un mini buffet : Fingers Food)<\/p>\n<p>\ud83d\udc49\ud83c\udffc Pour participer, merci de vous inscrire avant le 5 d\u00e9cembre 2022 par mail g.ntunzwenimana@preventionsida.org ou par t\u00e9l\u00e9phone au 02\/733.72.99<\/p>\n<p>Pour en savoir plus \u2935\ufe0f<\/p>\n","protected":false},"excerpt":{"rendered":"<p>\ud83d\udfe3 \ud83d\udd90\ud83c\udffd Aujourd&rsquo;hui, c&rsquo;est la Journ\u00e9e Mondiale de Lutte contre les violences faites aux femmes. Avec le projet FABSS (Femmes [&hellip;]<\/p>\n","protected":false},"author":1,"featured_media":0,"comment_status":"closed","ping_status":"closed","sticky":false,"template":"","format":"standard","meta":{"_acf_changed":false,"footnotes":""},"categories":[13],"tags":[],"class_list":["post-8880","post","type-post","status-publish","format-standard","hentry","category-facebook"],"acf":[],"_links":{"self":[{"href":"https:\/\/www.cool-and-safe.org\/fr\/wp-json\/wp\/v2\/posts\/8880","targetHints":{"allow":["GET"]}}],"collection":[{"href":"https:\/\/www.cool-and-safe.org\/fr\/wp-json\/wp\/v2\/posts"}],"about":[{"href":"https:\/\/www.cool-and-safe.org\/fr\/wp-json\/wp\/v2\/types\/post"}],"author":[{"embeddable":true,"href":"https:\/\/www.cool-and-safe.org\/fr\/wp-json\/wp\/v2\/users\/1"}],"replies":[{"embeddable":true,"href":"https:\/\/www.cool-and-safe.org\/fr\/wp-json\/wp\/v2\/comments?post=8880"}],"version-history":[{"count":0,"href":"https:\/\/www.cool-and-safe.org\/fr\/wp-json\/wp\/v2\/posts\/8880\/revisions"}],"wp:attachment":[{"href":"https:\/\/www.cool-and-safe.org\/fr\/wp-json\/wp\/v2\/media?parent=8880"}],"wp:term":[{"taxonomy":"category","embeddable":true,"href":"https:\/\/www.cool-and-safe.org\/fr\/wp-json\/wp\/v2\/categories?post=8880"},{"taxonomy":"post_tag","embeddable":true,"href":"https:\/\/www.cool-and-safe.org\/fr\/wp-json\/wp\/v2\/tags?post=8880"}],"curies":[{"name":"wp","href":"https:\/\/api.w.org\/{rel}","templated":true}]}}