{"id":10891,"date":"2025-08-27T10:01:36","date_gmt":"2025-08-27T08:01:36","guid":{"rendered":"https:\/\/www.cool-and-safe.org\/facebook-751\/"},"modified":"2025-08-27T10:01:36","modified_gmt":"2025-08-27T08:01:36","slug":"facebook-751","status":"publish","type":"post","link":"https:\/\/www.cool-and-safe.org\/fr\/facebook-751\/","title":{"rendered":"Facebook"},"content":{"rendered":"<p>Au Cameroun, Yves Aymeric refuse les avances d\u2019un homme influent.<br \/>\nC\u2019est le d\u00e9but de son calvaire : arrestation, prison, violences.<\/p>\n<p>Il a d\u00fb fuir, laissant derri\u00e8re lui sa petite s\u0153ur et sa maman.<br \/>\nAujourd\u2019hui, il vit en Belgique, libre d\u2019aimer, mais marqu\u00e9 \u00e0 vie par ce qu\u2019il a subi.<\/p>\n<p>\ud83c\udfa5 D\u00e9couvrez son t\u00e9moignage dans \u00ab Nos libert\u00e9s retrouv\u00e9es \u00bb.<br \/>\n\ud83d\udc49 Version longue sur notre cha\u00eene YouTube \u2013 <a href=\"https:\/\/www.youtube.com\/watch?v=fhYz312VMKc\" target=\"_blank\">https:\/\/www.youtube.com\/watch?v=fhYz312VMKc<\/a><\/p>\n<p><a href=\"https:\/\/www.facebook.com\/hashtag\/NosLibert\" target=\"_blank\">#NosLibert<\/a>\u00e9sRetrouv\u00e9es <a href=\"https:\/\/www.facebook.com\/hashtag\/LGBTQIAPlus\" target=\"_blank\">#LGBTQIAPlus<\/a> <a href=\"https:\/\/www.facebook.com\/hashtag\/Migration\" target=\"_blank\">#Migration<\/a> <a href=\"https:\/\/www.facebook.com\/hashtag\/GayAsylum\" target=\"_blank\">#GayAsylum<\/a> <a href=\"https:\/\/www.facebook.com\/hashtag\/Cameroun\" target=\"_blank\">#Cameroun<\/a> <a href=\"https:\/\/www.facebook.com\/hashtag\/Torture\" target=\"_blank\">#Torture<\/a> <a href=\"https:\/\/www.facebook.com\/hashtag\/Homophobie\" target=\"_blank\">#Homophobie<\/a> <a href=\"https:\/\/www.facebook.com\/hashtag\/ExilPourAimer\" target=\"_blank\">#ExilPourAimer<\/a> <a href=\"https:\/\/www.facebook.com\/hashtag\/LGBTQSAFE\" target=\"_blank\">#LGBTQSAFE<\/a><\/p>\n","protected":false},"excerpt":{"rendered":"<p>Au Cameroun, Yves Aymeric refuse les avances d\u2019un homme influent. C\u2019est le d\u00e9but de son calvaire : arrestation, prison, violences. [&hellip;]<\/p>\n","protected":false},"author":1,"featured_media":0,"comment_status":"closed","ping_status":"closed","sticky":false,"template":"","format":"standard","meta":{"_acf_changed":false,"footnotes":""},"categories":[13],"tags":[],"class_list":["post-10891","post","type-post","status-publish","format-standard","hentry","category-facebook"],"acf":[],"_links":{"self":[{"href":"https:\/\/www.cool-and-safe.org\/fr\/wp-json\/wp\/v2\/posts\/10891","targetHints":{"allow":["GET"]}}],"collection":[{"href":"https:\/\/www.cool-and-safe.org\/fr\/wp-json\/wp\/v2\/posts"}],"about":[{"href":"https:\/\/www.cool-and-safe.org\/fr\/wp-json\/wp\/v2\/types\/post"}],"author":[{"embeddable":true,"href":"https:\/\/www.cool-and-safe.org\/fr\/wp-json\/wp\/v2\/users\/1"}],"replies":[{"embeddable":true,"href":"https:\/\/www.cool-and-safe.org\/fr\/wp-json\/wp\/v2\/comments?post=10891"}],"version-history":[{"count":0,"href":"https:\/\/www.cool-and-safe.org\/fr\/wp-json\/wp\/v2\/posts\/10891\/revisions"}],"wp:attachment":[{"href":"https:\/\/www.cool-and-safe.org\/fr\/wp-json\/wp\/v2\/media?parent=10891"}],"wp:term":[{"taxonomy":"category","embeddable":true,"href":"https:\/\/www.cool-and-safe.org\/fr\/wp-json\/wp\/v2\/categories?post=10891"},{"taxonomy":"post_tag","embeddable":true,"href":"https:\/\/www.cool-and-safe.org\/fr\/wp-json\/wp\/v2\/tags?post=10891"}],"curies":[{"name":"wp","href":"https:\/\/api.w.org\/{rel}","templated":true}]}}