{"id":10815,"date":"2025-06-23T09:10:50","date_gmt":"2025-06-23T07:10:50","guid":{"rendered":"https:\/\/www.cool-and-safe.org\/facebook-717\/"},"modified":"2025-06-23T09:10:50","modified_gmt":"2025-06-23T07:10:50","slug":"facebook-717","status":"publish","type":"post","link":"https:\/\/www.cool-and-safe.org\/fr\/facebook-717\/","title":{"rendered":"Facebook"},"content":{"rendered":"<p>St\u00e9phane est juriste. Il est aussi gay. Mais au Cameroun, aimer un homme peut mener en prison.<\/p>\n<p>\u00c0 Kribi, sa famille l\u2019a rejet\u00e9, agress\u00e9, puis poursuivi en justice.<br \/>\nIl a perdu son travail. Sa s\u00e9curit\u00e9. Sa libert\u00e9.<\/p>\n<p>Aujourd\u2019hui, St\u00e9phane t\u00e9moigne \ud83d\udd25<\/p>\n<p>\ud83c\udfa5 Son histoire est \u00e0 d\u00e9couvrir dans la s\u00e9rie \u00ab Nos libert\u00e9s retrouv\u00e9es \u00bb.<br \/>\n\ud83d\udc49 Version longue dispo sur YouTube \u25b6\ufe0f <a href=\"https:\/\/youtu.be\/fkfN_WbS1FY\" target=\"_blank\">https:\/\/youtu.be\/fkfN_WbS1FY<\/a> (lien en bio) <\/p>\n<p>\u2139\ufe0f \u00ab\u00a0Nos libert\u00e9s retrouv\u00e9es\u00a0\u00bb est une s\u00e9rie vid\u00e9o de 9 \u00e9pisodes qui donne la parole \u00e0 des personnes LGBTQIA+ issues de la migration via des r\u00e9cits de vie forts et poignants \ud83c\udf08<\/p>\n<p>\u2705 Abonne-toi pour suivre les prochains \u00e9pisodes !<\/p>\n<p><a href=\"https:\/\/www.facebook.com\/hashtag\/respect\" target=\"_blank\">#respect<\/a>\ud83d\udc51 <a href=\"https:\/\/www.facebook.com\/hashtag\/solidarite\" target=\"_blank\">#solidarite<\/a> <a href=\"https:\/\/www.facebook.com\/hashtag\/NosLibert\" target=\"_blank\">#NosLibert<\/a>\u00e9sRetrouv\u00e9es <a href=\"https:\/\/www.facebook.com\/hashtag\/LGBTQIAPlus\" target=\"_blank\">#LGBTQIAPlus<\/a> <a href=\"https:\/\/www.facebook.com\/hashtag\/Migration\" target=\"_blank\">#Migration<\/a> <a href=\"https:\/\/www.facebook.com\/hashtag\/Pride\" target=\"_blank\">#Pride<\/a> <a href=\"https:\/\/www.facebook.com\/hashtag\/Cameroun\" target=\"_blank\">#Cameroun<\/a> <a href=\"https:\/\/www.facebook.com\/hashtag\/LGBTQSAFE\" target=\"_blank\">#LGBTQSAFE<\/a> <a href=\"https:\/\/www.facebook.com\/hashtag\/belgium\" target=\"_blank\">#belgium<\/a> <a href=\"https:\/\/www.facebook.com\/hashtag\/histoire\" target=\"_blank\">#histoire<\/a><\/p>\n","protected":false},"excerpt":{"rendered":"<p>St\u00e9phane est juriste. Il est aussi gay. Mais au Cameroun, aimer un homme peut mener en prison. \u00c0 Kribi, sa [&hellip;]<\/p>\n","protected":false},"author":1,"featured_media":0,"comment_status":"closed","ping_status":"closed","sticky":false,"template":"","format":"standard","meta":{"_acf_changed":false,"footnotes":""},"categories":[13],"tags":[],"class_list":["post-10815","post","type-post","status-publish","format-standard","hentry","category-facebook"],"acf":[],"_links":{"self":[{"href":"https:\/\/www.cool-and-safe.org\/fr\/wp-json\/wp\/v2\/posts\/10815","targetHints":{"allow":["GET"]}}],"collection":[{"href":"https:\/\/www.cool-and-safe.org\/fr\/wp-json\/wp\/v2\/posts"}],"about":[{"href":"https:\/\/www.cool-and-safe.org\/fr\/wp-json\/wp\/v2\/types\/post"}],"author":[{"embeddable":true,"href":"https:\/\/www.cool-and-safe.org\/fr\/wp-json\/wp\/v2\/users\/1"}],"replies":[{"embeddable":true,"href":"https:\/\/www.cool-and-safe.org\/fr\/wp-json\/wp\/v2\/comments?post=10815"}],"version-history":[{"count":0,"href":"https:\/\/www.cool-and-safe.org\/fr\/wp-json\/wp\/v2\/posts\/10815\/revisions"}],"wp:attachment":[{"href":"https:\/\/www.cool-and-safe.org\/fr\/wp-json\/wp\/v2\/media?parent=10815"}],"wp:term":[{"taxonomy":"category","embeddable":true,"href":"https:\/\/www.cool-and-safe.org\/fr\/wp-json\/wp\/v2\/categories?post=10815"},{"taxonomy":"post_tag","embeddable":true,"href":"https:\/\/www.cool-and-safe.org\/fr\/wp-json\/wp\/v2\/tags?post=10815"}],"curies":[{"name":"wp","href":"https:\/\/api.w.org\/{rel}","templated":true}]}}